{"id":2761,"date":"2015-03-31T12:11:46","date_gmt":"2015-03-31T10:11:46","guid":{"rendered":"http:\/\/www.sgo-online.de\/astro\/?p=2761"},"modified":"2016-12-10T23:50:31","modified_gmt":"2016-12-10T22:50:31","slug":"sonnenfinsternis-2015-ein-besonderer-astrotag","status":"publish","type":"post","link":"https:\/\/www.sgo-online.de\/astro\/sonnenfinsternis-2015-ein-besonderer-astrotag\/","title":{"rendered":"Sonnenfinsternis 2015 &#8211; ein besonderer Astrotag"},"content":{"rendered":"<p>&#8230; und es begab sich am 20. des Lenzing im Jahre des Herrn 2015, dass sich der Mond ganz pl\u00f6tzlich entschied, er k\u00f6nne mal bei der Sonne vorbeischauen&#8230;. \ud83d\ude42<\/p>\n<p>Im Gegensatz zu so manchen Kultusministerialen, Schuldirektoren und Stromkonzernen wussten nat\u00fcrlich nicht nur wir Hobbyastronomen, dass eine Sonnenfinsternis ins Hause steht. Also liefen schon wochenlange Vorbereitungen. Und auch wenn das Kultusministerium und so manche Lehrer die abgedunkelte Strahlung der Sonne f\u00fcr so gef\u00e4hrlich hielten, dass sie ganze Schulen abdunkelten und abriegelten wie seit Kriegszeiten nicht mehr, habe ich und viele unerschrockene Landsberger uns doch hinausgewagt und unter lebensgef\u00e4hrlichen Bedingungen dieses Naturschauspiel zu verfolgen&#8230;<\/p>\n<p>Waren auch die Wetterprognosen noch unsicher &#8211; da wurde von so f\u00fcrchterlichen Dingen wie wolkig mit sonnigen Abschnitten oder gar Schauerrisiko gesprochen &#8211; so zeigte sich doch, je n\u00e4her der Termin r\u00fcckte, das Wetter von seiner besten Seite&#8230;.<\/p>\n<p><img decoding=\"async\" class=\"ngg-singlepic ngg-none aligncenter\" src=\"http:\/\/www.sgo-online.de\/astro\/wp-content\/gallery\/sofi2015\/15-03-19-su-igling-IMG_6208.jpg\" alt=\"Am Vorabend der Sofi\"><\/p>\n<p>So stieg mit der Wahrscheinlichkeit von sch\u00f6nen Wetter auch der Absatz der der Sonnenfinsternisbrillen so rasant an, dass schon praktisch am Wochenanfang kaum mehr eine solche Augenschutzeinrichtung aufzutreiben war. Nach den Hilferufen auf Facebook habe ich kurzentschlossen noch einen Bogen Baader-Folie besorgt um Brillen zu bauen&#8230;<\/p>\n<p><img decoding=\"async\" class=\"ngg-singlepic ngg-center aligncenter\" src=\"http:\/\/www.sgo-online.de\/astro\/wp-content\/gallery\/sofi2015\/15-03-20-sofi-vorbereitung.jpg\" alt=\"15-03-20-sofi-vorbereitung.jpg\"><\/p>\n<p>Es folgten zwei Tage und N\u00e4chte&nbsp;Brillenkleberei (an die Firmen Baader und APM, die Astroh\u00e4ndler und Optiker: 2021 bitte mehr Brillen, dann kann ich und meine Freundin besser schlafen \ud83d\ude42 ) und w\u00e4hrend Nathie noch flei\u00dfig am Kleben war, habe ich nach Mitternacht die gef\u00fchlte halbe Tonne Equipment verladen, damit es am Morgen p\u00fcnktlich losgehen kann. (Wer schon mal wei\u00df, wie Tetris geht, hat eine Ahnung von der Verladeaktion:-). Gegen halb 2 war dann endlich alles gepackt, fast allen Brillen ausgeliefert (die, die ihr am Fl\u00f6\u00dferplatz gekauft habt, wurden von flei\u00dfigen H\u00e4nden noch schnell in der Fr\u00fch um 4 geklebt &#8211; da habe ich schon geschlafen &#8211; danke Nathie!<br \/>\nDer Morgen pr\u00e4sentierte sich dann noch etwas dunstig &#8211; aber wenn die Sonne sichtbar ist, dann wird alles gut! Der Aktion Sonnenfinsternis 2015 stand also nichts mehr im Weg \ud83d\ude42<\/p>\n<p><img decoding=\"async\" class=\"ngg-singlepic ngg-center aligncenter\" src=\"http:\/\/www.sgo-online.de\/astro\/wp-content\/gallery\/sofi2015\/15-03-20-IMG_6209.jpg\" alt=\"Noch etwas im Dunst: kurz vor dem Aufbruch\"><\/p>\n<p>Die Stadt pr\u00e4sentierte sich schon bei der Anfahrt im sch\u00f6nsten Sonnenschein &#8211; es versprach ein perfekter Sofi-Tag zu werden&#8230;<\/p>\n<p><img decoding=\"async\" class=\"ngg-singlepic ngg-center aligncenter\" src=\"http:\/\/www.sgo-online.de\/astro\/wp-content\/gallery\/sofi2015\/15-03-20-sofi-stadt.jpg\" alt=\"Stadtansicht\"><\/p>\n<p>Kaum angekommen, traf auch schon die Unterst\u00fctzung vom Astroshop ein und es wurde gleich flei\u00dfig aufgebaut. Die ersten Besucher waren auch schon da, nat\u00fcrlich perfekt ausger\u00fcstet:<\/p>\n<p><img decoding=\"async\" class=\"ngg-singlepic ngg-center aligncenter\" src=\"http:\/\/www.sgo-online.de\/astro\/wp-content\/gallery\/sofi2015\/15-03-20-sofi-bieber-IMG_6212-brille.jpg\" alt=\"Der erste Beobachter\"><\/p>\n<p><img decoding=\"async\" class=\"ngg-singlepic ngg-center aligncenter\" src=\"http:\/\/www.sgo-online.de\/astro\/wp-content\/gallery\/sofi2015\/15-03-20-sofi-heitra-IMG_0165.jpg\" alt=\"letzte Einstellungen\"><\/p>\n<p>Damit konnte es auch schon losgehen: An die Okulare, fertig, los!<\/p>\nngg_shortcode_0_placeholder\nngg_shortcode_1_placeholder\n<p><img decoding=\"async\" class=\"ngg-singlepic ngg-center aligncenter\" src=\"http:\/\/www.sgo-online.de\/astro\/wp-content\/gallery\/sofi2015\/15-03-20-sofi-heitra-IMG_0173.jpg\" alt=\"15-03-20-sofi-heitra-IMG_0173.jpg\"><\/p>\n<p>Und dann kam sie zum Einsatz, Landsbergs definitiv gr\u00f6\u00dfte Sofi-Brille &#8211; eigentlich ja f\u00fcr Palantir, meinen 16&#8243; Dobson gedacht, hat ein kecker Besucher diesen Filter einfach umfunktioniert und recht hatte er! Dies Riesenbrille war nicht nur f\u00fcrs Durchschauen gut, sondern auch f\u00fcrs Durchfotografieren!<\/p>\n<p><img decoding=\"async\" class=\"ngg-singlepic ngg-center aligncenter\" src=\"http:\/\/www.sgo-online.de\/astro\/wp-content\/gallery\/sofi2015\/15-03-20-sofi-heitra-IMG_0174.jpg\" alt=\"Riesenbrille im Einsatz\"><\/p>\nngg_shortcode_2_placeholder\nngg_shortcode_3_placeholder\n<p>Damit n\u00e4herten wir uns auch schon mit Riesenschritten dem H\u00f6hepunkt der Finsternis. Das Sonnenlicht hat merklich an Kraft verloren und es wird k\u00fchler. Das Feeling einer Sonnenfinsternis kann man kaum beschreiben, es ist schon irgendwie gespenstisch. Man muss es erlebt haben &#8211; Bilder k\u00f6nnen das nur teilweise transportieren, aber sie halten das Ereignis fest. Hier die sch\u00f6nsten Treffer vom Fl\u00f6\u00dferplatz: Zuerst mal durch den 150\/750 Refraktor Menelwagor mit Namen&#8230;<\/p>\nngg_shortcode_4_placeholder\n<p>dann mit der Digitalkamera durch einen 120 ED Reflektor vom Astroshop (Foto Anja Jakob)<\/p>\n<p><img decoding=\"async\" class=\"ngg-singlepic ngg-center aligncenter\" src=\"http:\/\/www.sgo-online.de\/astro\/wp-content\/gallery\/sofi2015\/11083797_10203875471547847_3870124715668706447_o-anja-jakob.jpg\" alt=\"Fokalaufnahme durchs Teleskop\"><\/p>\n<p>und durch die originale, SGO-Manufactur-Sofi-Brille (wer wei\u00df wie teuer die 2021 werden, also gut aufheben!!) (Foto: Aileen Ahlert und Hanna Gerum)<\/p>\n<p><img decoding=\"async\" class=\"ngg-singlepic ngg-center aligncenter\" src=\"http:\/\/www.sgo-online.de\/astro\/wp-content\/gallery\/sofi2015\/1502268_10153228248466204_8716279782668375342_o-aileen-ahlert.jpg\" alt=\"SGO-Sofi-Brillen sind Unikate!\"><\/p>\n<p><img decoding=\"async\" class=\"ngg-singlepic ngg-center aligncenter\" src=\"http:\/\/www.sgo-online.de\/astro\/wp-content\/gallery\/sofi2015\/11041929_1561309570793774_3249578724489292809_o-HannaGerum.jpg\" alt=\"Durch die Brille\"><\/p>\n<p>Geht man n\u00e4her ran, erkennt man sogar die Berge am Rand des Mondes&#8230;<\/p>\nngg_shortcode_5_placeholder\n<p>So verging die Zeit wie in Fluge mit all dem Erkl\u00e4ren, Beobachten, Photographieren, und verlorene Sonnen suchen, und schon n\u00e4herte sich die Finsternis ihrem Ende:<\/p>\nngg_shortcode_6_placeholder\n<p>Hier als eingefrorener Zeitraffer nochmal die ganze Finsternis<\/p>\nngg_shortcode_7_placeholder\n<p>und das kommt raus, wenn man die drei Hauptstadien der Finsternis zusammenw\u00fcrfelt, das ist doch fast schon Kunst, oder?<\/p>\nngg_shortcode_8_placeholder\n<p>F\u00fcr Technikfreaks und Astronomen unter den Lesern sollten wir hier noch&nbsp;kurz die Ger\u00e4te vorstellen, durch und mit denen beobachtet wurde:<\/p>\nngg_shortcode_9_placeholder\n<ol>\n<li>120\/1000 ED Refraktor: Ein Linsenteleskop mit 120mm \u00d6ffnung und 1000mm Brennweite. Als Filter dient hier eine gefasste Filterfolie von Baader, wie sie auch in vielen Sofi-Brillen verbaut ist. Aufgestellt und betreut vom Astroshop.<\/li>\n<li>ED 66\/400 ED Refraktor: Auch ein Linsenteleskop, ausgestattet mit einem Quark-Halpha-Filter. H-Alpha-Filter lassen nur Licht durch, das von angeregten Wasserstoff-Atomen erzeugt wird (tief im roten, sichtbaren Bereich). Nur in H-Alpha-Teleskopen sieht man die Chromosph\u00e4re der Sonne und die Protuberanzen.<\/li>\n<li>Celestron CPC 200\/2000&nbsp;Schmidt-Cassegrain: Schmidt-Cassegrain sind Spiegelteleskope mit sehr kompakter Bauweise und gutem Einblick von hinten. Sie besitzen zus\u00e4tzlich zu den beiden Spiegeln eine Art Korrekturlinse vorne im Teleskop, um Bauart bedingte optische Fehler auszugleichen. Auch dieses Teleskop&nbsp;wurde vom Astroshop zur Verf\u00fcgung gestellt und tr\u00e4gt einen Baader-Folien-Filter.<\/li>\n<li>Meade 200\/2000&nbsp;Schmidt-Cassegrain &#8222;Gilgalad&#8220;: Gleiche Bauart wie Nr. 3, nur ein bisschen \u00e4lter. Es ist mein erstes Teleskop und hat daher einen Sonderplatz in meiner Sternwarte: es wird sicher nie verkauft werden! Sonnenfilter hier ist ein stahlbedampfter Glasfilter, der im Gegensatz zu den Baader-Folien ein sch\u00f6nes gelbes Sonnenbild macht<\/li>\n<li>Celestron 150\/750 Newton &#8222;Menelwagor&#8220;: Die Spiegelteleskope nach Newton sind die einfachsten Teleskope Ihrer Gattung und in dieser Gr\u00f6\u00dfe ein typisches Einsteigerteleskop. Ausgestattet mit Baader-Folie in einem Eigenbau &#8211; Holz-Rahmen<\/li>\n<li>Skywatcher 120\/1000 Refraktor mit PST &#8222;SGO Solarscope&#8220;: Diese Linsenteleskop \u00e4hnelt der Nummer 1 in seiner Bauart, nur mit einer einfacheren Linsenkonstruktion. Es wurde von mir umgebaut und ist so wie Nr. 2 H-alpha-f\u00e4hig. Als Filter tr\u00e4gt es vorne einen ERF-Filter, der die W\u00e4rme fernh\u00e4lt und hinten den eigentlichen H-Alpha-Filter.<\/li>\n<li>80\/560 ED Refraktor &#8222;Arien&#8220;: auch ein Linsenfernrohr, diesmal aber mit einem ganz anderen Filter, dem sog. Herschelkeil: Das Prisma des Herschelkeils lenkt 4% des Lichts Richtung Auge, der Rest wird in einer Lichtfalle in W\u00e4rme umgewandelt. Auff\u00e4llig ist hier das gr\u00fcne Sonnenbild, das durch den Kontrast steigernden Solar Continnuum-Filter verursacht wird.<\/li>\n<\/ol>\n<p>Es war ein toller Tag, anstrengend gewiss, aber auch sehr interessant, ich habe viele nette Leute kennengelernt, die sich f\u00fcr das Himmelsschaupiel begeistert haben und ich hoffe, der eine oder andere ist vielleicht genauso dem Astrovirus verfallen, wie ich selber es bin. &nbsp;Es freut mich, dass so viele Landsberger und Ausw\u00e4rtige erschienen sind, so wurden alle M\u00fchen der Vorbereitung mehr als belohnt.<br \/>\nMein besonderer Dank gilt dem Team vom <a href=\"http:\/\/www.astroshop.de\">Astroshop (Nimax GmbH)<\/a>, das mich tat- und teleskopkr\u00e4ftig unterst\u00fctzt hat (auch in Sachen Autoparkdienst und Einr\u00e4umhilfe \ud83d\ude42 ), au\u00dferdem Heike Trapp, die ohne Z\u00f6gern sofort ihr geliebtes Tablet als Internetknoten zur Verf\u00fcgung gestellt hat und als meine Event-Fotografin das Treiben auf dem Fl\u00f6\u00dferplatz festgehalten hat;&nbsp;dem Cafe Lavazza f\u00fcr Strom und Internet und Nathalie Grosser, ohne die die rechtzeitige Auslieferung der Sofi-Brillen unm\u00f6glich gewesen w\u00e4re. Nicht zu vergessen meine beiden ehrenamtlichen Teleskopoperatoren, die mir viel Arbeit in der &#8222;hei\u00dfen&#8220; Phase der Finsternis abgenommen haben (auch wenn ihnen die Sonne ab und an mal entwischt ist \ud83d\ude42 ) und last but not least die <a href=\"http:\/\/www.vhs-landsberg.de\">Volkshochschule Landsberg<\/a> als Mitveranstalter der Sofi-Beobachtung<\/p>\n<p>Wenn Ihnen dieser Vormittag genauso viel Spa\u00df gemacht hat, wie mir, dann schauen Sie doch auch im n\u00e4chsten Jahr zum Astrotag wieder am Fl\u00f6\u00dferplatz vorbei. Eine Sonnenfinsternis kann ich Ihnen dann nat\u00fcrlich nicht bieten, daf\u00fcr haben wir dann Zeit, in Ruhe die Sonne und Ihre Ph\u00e4nomene wie Flecken, Protuberanzen, Flares und Fackeln zu studieren. Wenn Sie jetzt aber tats\u00e4chlich vom Astrovirus infiziert wurden, dann w\u00e4re sicher mein <a title=\"Astronomie in Theorie und Praxis\" href=\"http:\/\/www.sgo-online.de\/astro\/vhs2015\/\"><strong>Einsteigerkurs<\/strong> <strong>bei der VHS Landsberg f\u00fcr Sie geeignet &#8211; 6 Abende geht es quer durch die Astronomie &#8211; 2 mal auch praktisch unter dem Sternenhimmel!<\/strong><\/a><\/p>\n<p>In diesem Sinne bis bald und m\u00f6ge immer Sternenlicht Euren Weg erleuchten!<\/p>\n<p>&nbsp;<\/p>\n<p>&nbsp;<\/p>\n<p>&nbsp;<\/p>\n<p>&nbsp;<\/p>\n","protected":false},"excerpt":{"rendered":"<p>&#8230; und es begab sich am 20. des Lenzing im Jahre des Herrn 2015, dass sich der Mond ganz pl\u00f6tzlich entschied, er k\u00f6nne mal bei der Sonne vorbeischauen&#8230;. \ud83d\ude42 Im Gegensatz zu so manchen Kultusministerialen, Schuldirektoren und Stromkonzernen wussten nat\u00fcrlich nicht nur wir Hobbyastronomen, dass eine Sonnenfinsternis ins Hause steht.\u2026<\/p>\n<p class=\"continue-reading-button\"> <a class=\"continue-reading-link\" href=\"https:\/\/www.sgo-online.de\/astro\/sonnenfinsternis-2015-ein-besonderer-astrotag\/\">Weiter lesen&#8230;.<i class=\"crycon-right-dir\"><\/i><\/a><\/p>\n","protected":false},"author":1,"featured_media":2765,"comment_status":"open","ping_status":"open","sticky":false,"template":"","format":"standard","meta":{"ngg_post_thumbnail":0,"footnotes":""},"categories":[1,6,252,60],"tags":[],"class_list":["post-2761","post","type-post","status-publish","format-standard","has-post-thumbnail","hentry","category-allgemein","category-beobachtungen","category-events","category-sonnentagebuch"],"yoast_head":"<!-- This site is optimized with the Yoast SEO plugin v26.3 - https:\/\/yoast.com\/wordpress\/plugins\/seo\/ -->\n<title>Sonnenfinsternis 2015 - ein besonderer Astrotag - Stefans Gartenobservatorium<\/title>\n<meta name=\"robots\" content=\"index, follow, max-snippet:-1, max-image-preview:large, max-video-preview:-1\" \/>\n<link rel=\"canonical\" href=\"https:\/\/www.sgo-online.de\/astro\/sonnenfinsternis-2015-ein-besonderer-astrotag\/\" \/>\n<meta property=\"og:locale\" content=\"de_DE\" \/>\n<meta property=\"og:type\" content=\"article\" \/>\n<meta property=\"og:title\" content=\"Sonnenfinsternis 2015 - ein besonderer Astrotag - Stefans Gartenobservatorium\" \/>\n<meta property=\"og:description\" content=\"&#8230; und es begab sich am 20. des Lenzing im Jahre des Herrn 2015, dass sich der Mond ganz pl\u00f6tzlich entschied, er k\u00f6nne mal bei der Sonne vorbeischauen&#8230;. \ud83d\ude42 Im Gegensatz zu so manchen Kultusministerialen, Schuldirektoren und Stromkonzernen wussten nat\u00fcrlich nicht nur wir Hobbyastronomen, dass eine Sonnenfinsternis ins Hause steht.\u2026 Weiter lesen....\" \/>\n<meta property=\"og:url\" content=\"https:\/\/www.sgo-online.de\/astro\/sonnenfinsternis-2015-ein-besonderer-astrotag\/\" \/>\n<meta property=\"og:site_name\" content=\"Stefans Gartenobservatorium\" \/>\n<meta property=\"article:publisher\" content=\"https:\/\/www.facebook.com\/stefan.griessinger\" \/>\n<meta property=\"article:published_time\" content=\"2015-03-31T10:11:46+00:00\" \/>\n<meta property=\"article:modified_time\" content=\"2016-12-10T22:50:31+00:00\" \/>\n<meta property=\"og:image\" content=\"https:\/\/www.sgo-online.de\/astro\/wp-content\/uploads\/ngg_featured\/15-03-20-sofi-3phasen-IMG_6242.jpg\" \/>\n\t<meta property=\"og:image:width\" content=\"1200\" \/>\n\t<meta property=\"og:image:height\" content=\"800\" \/>\n\t<meta property=\"og:image:type\" content=\"image\/jpeg\" \/>\n<meta name=\"author\" content=\"admin\" \/>\n<meta name=\"twitter:card\" content=\"summary_large_image\" \/>\n<meta name=\"twitter:label1\" content=\"Verfasst von\" \/>\n\t<meta name=\"twitter:data1\" content=\"admin\" \/>\n\t<meta name=\"twitter:label2\" content=\"Gesch\u00e4tzte Lesezeit\" \/>\n\t<meta name=\"twitter:data2\" content=\"7\u00a0Minuten\" \/>\n<script type=\"application\/ld+json\" class=\"yoast-schema-graph\">{\"@context\":\"https:\/\/schema.org\",\"@graph\":[{\"@type\":\"Article\",\"@id\":\"https:\/\/www.sgo-online.de\/astro\/sonnenfinsternis-2015-ein-besonderer-astrotag\/#article\",\"isPartOf\":{\"@id\":\"https:\/\/www.sgo-online.de\/astro\/sonnenfinsternis-2015-ein-besonderer-astrotag\/\"},\"author\":{\"name\":\"admin\",\"@id\":\"https:\/\/www.sgo-online.de\/astro\/#\/schema\/person\/79c9269149cfc5894310c3125877dc18\"},\"headline\":\"Sonnenfinsternis 2015 &#8211; ein besonderer Astrotag\",\"datePublished\":\"2015-03-31T10:11:46+00:00\",\"dateModified\":\"2016-12-10T22:50:31+00:00\",\"mainEntityOfPage\":{\"@id\":\"https:\/\/www.sgo-online.de\/astro\/sonnenfinsternis-2015-ein-besonderer-astrotag\/\"},\"wordCount\":1323,\"commentCount\":0,\"publisher\":{\"@id\":\"https:\/\/www.sgo-online.de\/astro\/#organization\"},\"image\":{\"@id\":\"https:\/\/www.sgo-online.de\/astro\/sonnenfinsternis-2015-ein-besonderer-astrotag\/#primaryimage\"},\"thumbnailUrl\":\"https:\/\/www.sgo-online.de\/astro\/wp-content\/uploads\/ngg_featured\/15-03-20-sofi-3phasen-IMG_6242.jpg\",\"articleSection\":{\"1\":\"Beobachtungen\",\"2\":\"Events\",\"3\":\"Sonnenbeobachtung\"},\"inLanguage\":\"de\",\"potentialAction\":[{\"@type\":\"CommentAction\",\"name\":\"Comment\",\"target\":[\"https:\/\/www.sgo-online.de\/astro\/sonnenfinsternis-2015-ein-besonderer-astrotag\/#respond\"]}]},{\"@type\":\"WebPage\",\"@id\":\"https:\/\/www.sgo-online.de\/astro\/sonnenfinsternis-2015-ein-besonderer-astrotag\/\",\"url\":\"https:\/\/www.sgo-online.de\/astro\/sonnenfinsternis-2015-ein-besonderer-astrotag\/\",\"name\":\"Sonnenfinsternis 2015 - ein besonderer Astrotag - Stefans Gartenobservatorium\",\"isPartOf\":{\"@id\":\"https:\/\/www.sgo-online.de\/astro\/#website\"},\"primaryImageOfPage\":{\"@id\":\"https:\/\/www.sgo-online.de\/astro\/sonnenfinsternis-2015-ein-besonderer-astrotag\/#primaryimage\"},\"image\":{\"@id\":\"https:\/\/www.sgo-online.de\/astro\/sonnenfinsternis-2015-ein-besonderer-astrotag\/#primaryimage\"},\"thumbnailUrl\":\"https:\/\/www.sgo-online.de\/astro\/wp-content\/uploads\/ngg_featured\/15-03-20-sofi-3phasen-IMG_6242.jpg\",\"datePublished\":\"2015-03-31T10:11:46+00:00\",\"dateModified\":\"2016-12-10T22:50:31+00:00\",\"breadcrumb\":{\"@id\":\"https:\/\/www.sgo-online.de\/astro\/sonnenfinsternis-2015-ein-besonderer-astrotag\/#breadcrumb\"},\"inLanguage\":\"de\",\"potentialAction\":[{\"@type\":\"ReadAction\",\"target\":[\"https:\/\/www.sgo-online.de\/astro\/sonnenfinsternis-2015-ein-besonderer-astrotag\/\"]}]},{\"@type\":\"ImageObject\",\"inLanguage\":\"de\",\"@id\":\"https:\/\/www.sgo-online.de\/astro\/sonnenfinsternis-2015-ein-besonderer-astrotag\/#primaryimage\",\"url\":\"https:\/\/www.sgo-online.de\/astro\/wp-content\/uploads\/ngg_featured\/15-03-20-sofi-3phasen-IMG_6242.jpg\",\"contentUrl\":\"https:\/\/www.sgo-online.de\/astro\/wp-content\/uploads\/ngg_featured\/15-03-20-sofi-3phasen-IMG_6242.jpg\",\"width\":1200,\"height\":800},{\"@type\":\"BreadcrumbList\",\"@id\":\"https:\/\/www.sgo-online.de\/astro\/sonnenfinsternis-2015-ein-besonderer-astrotag\/#breadcrumb\",\"itemListElement\":[{\"@type\":\"ListItem\",\"position\":1,\"name\":\"Home\",\"item\":\"https:\/\/www.sgo-online.de\/astro\/\"},{\"@type\":\"ListItem\",\"position\":2,\"name\":\"Sonnenfinsternis 2015 &#8211; ein besonderer Astrotag\"}]},{\"@type\":\"WebSite\",\"@id\":\"https:\/\/www.sgo-online.de\/astro\/#website\",\"url\":\"https:\/\/www.sgo-online.de\/astro\/\",\"name\":\"Stefans Gartenobservatorium\",\"description\":\"30 Jahre on Tour to the Stars\",\"publisher\":{\"@id\":\"https:\/\/www.sgo-online.de\/astro\/#organization\"},\"potentialAction\":[{\"@type\":\"SearchAction\",\"target\":{\"@type\":\"EntryPoint\",\"urlTemplate\":\"https:\/\/www.sgo-online.de\/astro\/?s={search_term_string}\"},\"query-input\":{\"@type\":\"PropertyValueSpecification\",\"valueRequired\":true,\"valueName\":\"search_term_string\"}}],\"inLanguage\":\"de\"},{\"@type\":\"Organization\",\"@id\":\"https:\/\/www.sgo-online.de\/astro\/#organization\",\"name\":\"Stefans Gartenobservatorium\",\"url\":\"https:\/\/www.sgo-online.de\/astro\/\",\"logo\":{\"@type\":\"ImageObject\",\"inLanguage\":\"de\",\"@id\":\"https:\/\/www.sgo-online.de\/astro\/#\/schema\/logo\/image\/\",\"url\":\"https:\/\/www.sgo-online.de\/astro\/wp-content\/uploads\/2020\/11\/logo-astro-klama-bw.jpg\",\"contentUrl\":\"https:\/\/www.sgo-online.de\/astro\/wp-content\/uploads\/2020\/11\/logo-astro-klama-bw.jpg\",\"width\":1125,\"height\":1125,\"caption\":\"Stefans Gartenobservatorium\"},\"image\":{\"@id\":\"https:\/\/www.sgo-online.de\/astro\/#\/schema\/logo\/image\/\"},\"sameAs\":[\"https:\/\/www.facebook.com\/stefan.griessinger\",\"https:\/\/www.instagram.com\/sgo2000\/?hl=de\",\"https:\/\/www.youtube.com\/user\/natprax\"]},{\"@type\":\"Person\",\"@id\":\"https:\/\/www.sgo-online.de\/astro\/#\/schema\/person\/79c9269149cfc5894310c3125877dc18\",\"name\":\"admin\",\"url\":\"https:\/\/www.sgo-online.de\/astro\/author\/admin\/\"}]}<\/script>\n<!-- \/ Yoast SEO plugin. -->","yoast_head_json":{"title":"Sonnenfinsternis 2015 - ein besonderer Astrotag - Stefans Gartenobservatorium","robots":{"index":"index","follow":"follow","max-snippet":"max-snippet:-1","max-image-preview":"max-image-preview:large","max-video-preview":"max-video-preview:-1"},"canonical":"https:\/\/www.sgo-online.de\/astro\/sonnenfinsternis-2015-ein-besonderer-astrotag\/","og_locale":"de_DE","og_type":"article","og_title":"Sonnenfinsternis 2015 - ein besonderer Astrotag - Stefans Gartenobservatorium","og_description":"&#8230; und es begab sich am 20. des Lenzing im Jahre des Herrn 2015, dass sich der Mond ganz pl\u00f6tzlich entschied, er k\u00f6nne mal bei der Sonne vorbeischauen&#8230;. \ud83d\ude42 Im Gegensatz zu so manchen Kultusministerialen, Schuldirektoren und Stromkonzernen wussten nat\u00fcrlich nicht nur wir Hobbyastronomen, dass eine Sonnenfinsternis ins Hause steht.\u2026 Weiter lesen....","og_url":"https:\/\/www.sgo-online.de\/astro\/sonnenfinsternis-2015-ein-besonderer-astrotag\/","og_site_name":"Stefans Gartenobservatorium","article_publisher":"https:\/\/www.facebook.com\/stefan.griessinger","article_published_time":"2015-03-31T10:11:46+00:00","article_modified_time":"2016-12-10T22:50:31+00:00","og_image":[{"width":1200,"height":800,"url":"https:\/\/www.sgo-online.de\/astro\/wp-content\/uploads\/ngg_featured\/15-03-20-sofi-3phasen-IMG_6242.jpg","type":"image\/jpeg"}],"author":"admin","twitter_card":"summary_large_image","twitter_misc":{"Verfasst von":"admin","Gesch\u00e4tzte Lesezeit":"7\u00a0Minuten"},"schema":{"@context":"https:\/\/schema.org","@graph":[{"@type":"Article","@id":"https:\/\/www.sgo-online.de\/astro\/sonnenfinsternis-2015-ein-besonderer-astrotag\/#article","isPartOf":{"@id":"https:\/\/www.sgo-online.de\/astro\/sonnenfinsternis-2015-ein-besonderer-astrotag\/"},"author":{"name":"admin","@id":"https:\/\/www.sgo-online.de\/astro\/#\/schema\/person\/79c9269149cfc5894310c3125877dc18"},"headline":"Sonnenfinsternis 2015 &#8211; ein besonderer Astrotag","datePublished":"2015-03-31T10:11:46+00:00","dateModified":"2016-12-10T22:50:31+00:00","mainEntityOfPage":{"@id":"https:\/\/www.sgo-online.de\/astro\/sonnenfinsternis-2015-ein-besonderer-astrotag\/"},"wordCount":1323,"commentCount":0,"publisher":{"@id":"https:\/\/www.sgo-online.de\/astro\/#organization"},"image":{"@id":"https:\/\/www.sgo-online.de\/astro\/sonnenfinsternis-2015-ein-besonderer-astrotag\/#primaryimage"},"thumbnailUrl":"https:\/\/www.sgo-online.de\/astro\/wp-content\/uploads\/ngg_featured\/15-03-20-sofi-3phasen-IMG_6242.jpg","articleSection":{"1":"Beobachtungen","2":"Events","3":"Sonnenbeobachtung"},"inLanguage":"de","potentialAction":[{"@type":"CommentAction","name":"Comment","target":["https:\/\/www.sgo-online.de\/astro\/sonnenfinsternis-2015-ein-besonderer-astrotag\/#respond"]}]},{"@type":"WebPage","@id":"https:\/\/www.sgo-online.de\/astro\/sonnenfinsternis-2015-ein-besonderer-astrotag\/","url":"https:\/\/www.sgo-online.de\/astro\/sonnenfinsternis-2015-ein-besonderer-astrotag\/","name":"Sonnenfinsternis 2015 - ein besonderer Astrotag - Stefans Gartenobservatorium","isPartOf":{"@id":"https:\/\/www.sgo-online.de\/astro\/#website"},"primaryImageOfPage":{"@id":"https:\/\/www.sgo-online.de\/astro\/sonnenfinsternis-2015-ein-besonderer-astrotag\/#primaryimage"},"image":{"@id":"https:\/\/www.sgo-online.de\/astro\/sonnenfinsternis-2015-ein-besonderer-astrotag\/#primaryimage"},"thumbnailUrl":"https:\/\/www.sgo-online.de\/astro\/wp-content\/uploads\/ngg_featured\/15-03-20-sofi-3phasen-IMG_6242.jpg","datePublished":"2015-03-31T10:11:46+00:00","dateModified":"2016-12-10T22:50:31+00:00","breadcrumb":{"@id":"https:\/\/www.sgo-online.de\/astro\/sonnenfinsternis-2015-ein-besonderer-astrotag\/#breadcrumb"},"inLanguage":"de","potentialAction":[{"@type":"ReadAction","target":["https:\/\/www.sgo-online.de\/astro\/sonnenfinsternis-2015-ein-besonderer-astrotag\/"]}]},{"@type":"ImageObject","inLanguage":"de","@id":"https:\/\/www.sgo-online.de\/astro\/sonnenfinsternis-2015-ein-besonderer-astrotag\/#primaryimage","url":"https:\/\/www.sgo-online.de\/astro\/wp-content\/uploads\/ngg_featured\/15-03-20-sofi-3phasen-IMG_6242.jpg","contentUrl":"https:\/\/www.sgo-online.de\/astro\/wp-content\/uploads\/ngg_featured\/15-03-20-sofi-3phasen-IMG_6242.jpg","width":1200,"height":800},{"@type":"BreadcrumbList","@id":"https:\/\/www.sgo-online.de\/astro\/sonnenfinsternis-2015-ein-besonderer-astrotag\/#breadcrumb","itemListElement":[{"@type":"ListItem","position":1,"name":"Home","item":"https:\/\/www.sgo-online.de\/astro\/"},{"@type":"ListItem","position":2,"name":"Sonnenfinsternis 2015 &#8211; ein besonderer Astrotag"}]},{"@type":"WebSite","@id":"https:\/\/www.sgo-online.de\/astro\/#website","url":"https:\/\/www.sgo-online.de\/astro\/","name":"Stefans Gartenobservatorium","description":"30 Jahre on Tour to the Stars","publisher":{"@id":"https:\/\/www.sgo-online.de\/astro\/#organization"},"potentialAction":[{"@type":"SearchAction","target":{"@type":"EntryPoint","urlTemplate":"https:\/\/www.sgo-online.de\/astro\/?s={search_term_string}"},"query-input":{"@type":"PropertyValueSpecification","valueRequired":true,"valueName":"search_term_string"}}],"inLanguage":"de"},{"@type":"Organization","@id":"https:\/\/www.sgo-online.de\/astro\/#organization","name":"Stefans Gartenobservatorium","url":"https:\/\/www.sgo-online.de\/astro\/","logo":{"@type":"ImageObject","inLanguage":"de","@id":"https:\/\/www.sgo-online.de\/astro\/#\/schema\/logo\/image\/","url":"https:\/\/www.sgo-online.de\/astro\/wp-content\/uploads\/2020\/11\/logo-astro-klama-bw.jpg","contentUrl":"https:\/\/www.sgo-online.de\/astro\/wp-content\/uploads\/2020\/11\/logo-astro-klama-bw.jpg","width":1125,"height":1125,"caption":"Stefans Gartenobservatorium"},"image":{"@id":"https:\/\/www.sgo-online.de\/astro\/#\/schema\/logo\/image\/"},"sameAs":["https:\/\/www.facebook.com\/stefan.griessinger","https:\/\/www.instagram.com\/sgo2000\/?hl=de","https:\/\/www.youtube.com\/user\/natprax"]},{"@type":"Person","@id":"https:\/\/www.sgo-online.de\/astro\/#\/schema\/person\/79c9269149cfc5894310c3125877dc18","name":"admin","url":"https:\/\/www.sgo-online.de\/astro\/author\/admin\/"}]}},"_links":{"self":[{"href":"https:\/\/www.sgo-online.de\/astro\/wp-json\/wp\/v2\/posts\/2761","targetHints":{"allow":["GET"]}}],"collection":[{"href":"https:\/\/www.sgo-online.de\/astro\/wp-json\/wp\/v2\/posts"}],"about":[{"href":"https:\/\/www.sgo-online.de\/astro\/wp-json\/wp\/v2\/types\/post"}],"author":[{"embeddable":true,"href":"https:\/\/www.sgo-online.de\/astro\/wp-json\/wp\/v2\/users\/1"}],"replies":[{"embeddable":true,"href":"https:\/\/www.sgo-online.de\/astro\/wp-json\/wp\/v2\/comments?post=2761"}],"version-history":[{"count":5,"href":"https:\/\/www.sgo-online.de\/astro\/wp-json\/wp\/v2\/posts\/2761\/revisions"}],"predecessor-version":[{"id":3752,"href":"https:\/\/www.sgo-online.de\/astro\/wp-json\/wp\/v2\/posts\/2761\/revisions\/3752"}],"wp:featuredmedia":[{"embeddable":true,"href":"https:\/\/www.sgo-online.de\/astro\/wp-json\/wp\/v2\/media\/2765"}],"wp:attachment":[{"href":"https:\/\/www.sgo-online.de\/astro\/wp-json\/wp\/v2\/media?parent=2761"}],"wp:term":[{"taxonomy":"category","embeddable":true,"href":"https:\/\/www.sgo-online.de\/astro\/wp-json\/wp\/v2\/categories?post=2761"},{"taxonomy":"post_tag","embeddable":true,"href":"https:\/\/www.sgo-online.de\/astro\/wp-json\/wp\/v2\/tags?post=2761"}],"curies":[{"name":"wp","href":"https:\/\/api.w.org\/{rel}","templated":true}]}}